{"id":3999,"date":"2018-03-14T10:31:48","date_gmt":"2018-03-14T10:31:48","guid":{"rendered":"https:\/\/optimalsolicitors.kinsta.cloud\/bez-kategorii\/child-seats-the-law\/"},"modified":"2024-07-12T12:29:17","modified_gmt":"2024-07-12T11:29:17","slug":"foteliki-dzieciece-i-prawo","status":"publish","type":"post","link":"https:\/\/optimalsolicitors.com\/pl\/aktualnosci\/foteliki-dzieciece-i-prawo\/","title":{"rendered":"Prawo dotycz\u0105ce samochodowych fotelik\u00f3w dzieci\u0119cych"},"content":{"rendered":"","protected":false},"excerpt":{"rendered":"","protected":false},"author":12,"featured_media":1669,"comment_status":"open","ping_status":"open","sticky":false,"template":"","format":"standard","meta":{"footnotes":""},"categories":[65],"tags":[],"class_list":["post-3999","post","type-post","status-publish","format-standard","has-post-thumbnail","hentry","category-aktualnosci"],"yoast_head":"<!-- This site is optimized with the Yoast SEO Premium plugin v27.4 (Yoast SEO v27.4) - https:\/\/yoast.com\/product\/yoast-seo-premium-wordpress\/ -->\n<title>Samochodowe foteliki dzieci\u0119ce - wymagania prawne<\/title>\n<meta name=\"description\" content=\"Do ilu lat samochodowe foteliki dzieci\u0119ce? Zasada kt\u00f3ra przy\u015bwieca obowi\u0105zku posiadania fotelika jest dla wszystkich taka sama ...\" \/>\n<meta name=\"robots\" content=\"index, follow, max-snippet:-1, max-image-preview:large, max-video-preview:-1\" \/>\n<link rel=\"canonical\" href=\"https:\/\/optimalsolicitors.com\/pl\/aktualnosci\/foteliki-dzieciece-i-prawo\/\" \/>\n<meta property=\"og:locale\" content=\"pl_PL\" \/>\n<meta property=\"og:type\" content=\"article\" \/>\n<meta property=\"og:title\" content=\"Prawo dotycz\u0105ce samochodowych fotelik\u00f3w dzieci\u0119cych\" \/>\n<meta property=\"og:description\" content=\"Do ilu lat samochodowe foteliki dzieci\u0119ce? Zasada kt\u00f3ra przy\u015bwieca obowi\u0105zku posiadania fotelika jest dla wszystkich taka sama ...\" \/>\n<meta property=\"og:url\" content=\"https:\/\/optimalsolicitors.com\/pl\/aktualnosci\/foteliki-dzieciece-i-prawo\/\" \/>\n<meta property=\"og:site_name\" content=\"Optimal Solicitors\" \/>\n<meta property=\"article:publisher\" content=\"https:\/\/www.facebook.com\/optimalsolicitors\/\" \/>\n<meta property=\"article:published_time\" content=\"2018-03-14T10:31:48+00:00\" \/>\n<meta property=\"article:modified_time\" content=\"2024-07-12T11:29:17+00:00\" \/>\n<meta property=\"og:image\" content=\"https:\/\/optimalsolicitors.com\/wp-content\/uploads\/2018\/03\/child-seats-law.jpg\" \/>\n\t<meta property=\"og:image:width\" content=\"1920\" \/>\n\t<meta property=\"og:image:height\" content=\"800\" \/>\n\t<meta property=\"og:image:type\" content=\"image\/jpeg\" \/>\n<meta name=\"author\" content=\"Chris Germaine\" \/>\n<meta name=\"twitter:card\" content=\"summary_large_image\" \/>\n<meta name=\"twitter:creator\" content=\"@OptimalClaim\" \/>\n<meta name=\"twitter:site\" content=\"@OptimalClaim\" \/>\n<meta name=\"twitter:label1\" content=\"Written by\" \/>\n\t<meta name=\"twitter:data1\" content=\"Chris Germaine\" \/>\n\t<meta name=\"twitter:label2\" content=\"Est. reading time\" \/>\n\t<meta name=\"twitter:data2\" content=\"5 minutes\" \/>\n<script type=\"application\/ld+json\" class=\"yoast-schema-graph\">{\"@context\":\"https:\\\/\\\/schema.org\",\"@graph\":[{\"@type\":\"Article\",\"@id\":\"https:\\\/\\\/optimalsolicitors.com\\\/pl\\\/aktualnosci\\\/foteliki-dzieciece-i-prawo\\\/#article\",\"isPartOf\":{\"@id\":\"https:\\\/\\\/optimalsolicitors.com\\\/pl\\\/aktualnosci\\\/foteliki-dzieciece-i-prawo\\\/\"},\"author\":{\"name\":\"Chris Germaine\",\"@id\":\"https:\\\/\\\/optimalsolicitors.com\\\/pl\\\/#\\\/schema\\\/person\\\/6067f09418f34b2b863ab85348111e98\"},\"headline\":\"Prawo dotycz\u0105ce samochodowych fotelik\u00f3w dzieci\u0119cych\",\"datePublished\":\"2018-03-14T10:31:48+00:00\",\"dateModified\":\"2024-07-12T11:29:17+00:00\",\"mainEntityOfPage\":{\"@id\":\"https:\\\/\\\/optimalsolicitors.com\\\/pl\\\/aktualnosci\\\/foteliki-dzieciece-i-prawo\\\/\"},\"wordCount\":8,\"commentCount\":0,\"publisher\":{\"@id\":\"https:\\\/\\\/optimalsolicitors.com\\\/pl\\\/#organization\"},\"image\":{\"@id\":\"https:\\\/\\\/optimalsolicitors.com\\\/pl\\\/aktualnosci\\\/foteliki-dzieciece-i-prawo\\\/#primaryimage\"},\"thumbnailUrl\":\"https:\\\/\\\/optimalsolicitors.com\\\/wp-content\\\/uploads\\\/2018\\\/03\\\/child-seats-law.jpg\",\"articleSection\":[\"Aktualno\u015bci\"],\"inLanguage\":\"pl-GB\",\"potentialAction\":[{\"@type\":\"CommentAction\",\"name\":\"Comment\",\"target\":[\"https:\\\/\\\/optimalsolicitors.com\\\/pl\\\/aktualnosci\\\/foteliki-dzieciece-i-prawo\\\/#respond\"]}]},{\"@type\":\"WebPage\",\"@id\":\"https:\\\/\\\/optimalsolicitors.com\\\/pl\\\/aktualnosci\\\/foteliki-dzieciece-i-prawo\\\/\",\"url\":\"https:\\\/\\\/optimalsolicitors.com\\\/pl\\\/aktualnosci\\\/foteliki-dzieciece-i-prawo\\\/\",\"name\":\"Samochodowe foteliki dzieci\u0119ce - wymagania prawne\",\"isPartOf\":{\"@id\":\"https:\\\/\\\/optimalsolicitors.com\\\/pl\\\/#website\"},\"primaryImageOfPage\":{\"@id\":\"https:\\\/\\\/optimalsolicitors.com\\\/pl\\\/aktualnosci\\\/foteliki-dzieciece-i-prawo\\\/#primaryimage\"},\"image\":{\"@id\":\"https:\\\/\\\/optimalsolicitors.com\\\/pl\\\/aktualnosci\\\/foteliki-dzieciece-i-prawo\\\/#primaryimage\"},\"thumbnailUrl\":\"https:\\\/\\\/optimalsolicitors.com\\\/wp-content\\\/uploads\\\/2018\\\/03\\\/child-seats-law.jpg\",\"datePublished\":\"2018-03-14T10:31:48+00:00\",\"dateModified\":\"2024-07-12T11:29:17+00:00\",\"description\":\"Do ilu lat samochodowe foteliki dzieci\u0119ce? Zasada kt\u00f3ra przy\u015bwieca obowi\u0105zku posiadania fotelika jest dla wszystkich taka sama ...\",\"breadcrumb\":{\"@id\":\"https:\\\/\\\/optimalsolicitors.com\\\/pl\\\/aktualnosci\\\/foteliki-dzieciece-i-prawo\\\/#breadcrumb\"},\"inLanguage\":\"pl-GB\",\"potentialAction\":[{\"@type\":\"ReadAction\",\"target\":[\"https:\\\/\\\/optimalsolicitors.com\\\/pl\\\/aktualnosci\\\/foteliki-dzieciece-i-prawo\\\/\"]}]},{\"@type\":\"ImageObject\",\"inLanguage\":\"pl-GB\",\"@id\":\"https:\\\/\\\/optimalsolicitors.com\\\/pl\\\/aktualnosci\\\/foteliki-dzieciece-i-prawo\\\/#primaryimage\",\"url\":\"https:\\\/\\\/optimalsolicitors.com\\\/wp-content\\\/uploads\\\/2018\\\/03\\\/child-seats-law.jpg\",\"contentUrl\":\"https:\\\/\\\/optimalsolicitors.com\\\/wp-content\\\/uploads\\\/2018\\\/03\\\/child-seats-law.jpg\",\"width\":1920,\"height\":800,\"caption\":\"Child seats \\\/ samochodowe foteliki dzieci\u0119ce\"},{\"@type\":\"BreadcrumbList\",\"@id\":\"https:\\\/\\\/optimalsolicitors.com\\\/pl\\\/aktualnosci\\\/foteliki-dzieciece-i-prawo\\\/#breadcrumb\",\"itemListElement\":[{\"@type\":\"ListItem\",\"position\":1,\"name\":\"Home\",\"item\":\"https:\\\/\\\/optimalsolicitors.com\\\/pl\\\/\"},{\"@type\":\"ListItem\",\"position\":2,\"name\":\"Prawo dotycz\u0105ce samochodowych fotelik\u00f3w dzieci\u0119cych\"}]},{\"@type\":\"WebSite\",\"@id\":\"https:\\\/\\\/optimalsolicitors.com\\\/pl\\\/#website\",\"url\":\"https:\\\/\\\/optimalsolicitors.com\\\/pl\\\/\",\"name\":\"Optimal Solicitors\",\"description\":\"Speaking the language of law\",\"publisher\":{\"@id\":\"https:\\\/\\\/optimalsolicitors.com\\\/pl\\\/#organization\"},\"potentialAction\":[{\"@type\":\"SearchAction\",\"target\":{\"@type\":\"EntryPoint\",\"urlTemplate\":\"https:\\\/\\\/optimalsolicitors.com\\\/pl\\\/?s={search_term_string}\"},\"query-input\":{\"@type\":\"PropertyValueSpecification\",\"valueRequired\":true,\"valueName\":\"search_term_string\"}}],\"inLanguage\":\"pl-GB\"},{\"@type\":\"Organization\",\"@id\":\"https:\\\/\\\/optimalsolicitors.com\\\/pl\\\/#organization\",\"name\":\"Optimal Solicitors\",\"url\":\"https:\\\/\\\/optimalsolicitors.com\\\/pl\\\/\",\"logo\":{\"@type\":\"ImageObject\",\"inLanguage\":\"pl-GB\",\"@id\":\"https:\\\/\\\/optimalsolicitors.com\\\/pl\\\/#\\\/schema\\\/logo\\\/image\\\/\",\"url\":\"https:\\\/\\\/optimalsolicitors.com\\\/wp-content\\\/uploads\\\/2023\\\/04\\\/logo.svg\",\"contentUrl\":\"https:\\\/\\\/optimalsolicitors.com\\\/wp-content\\\/uploads\\\/2023\\\/04\\\/logo.svg\",\"width\":158,\"height\":80,\"caption\":\"Optimal Solicitors\"},\"image\":{\"@id\":\"https:\\\/\\\/optimalsolicitors.com\\\/pl\\\/#\\\/schema\\\/logo\\\/image\\\/\"},\"sameAs\":[\"https:\\\/\\\/www.facebook.com\\\/optimalsolicitors\\\/\",\"https:\\\/\\\/x.com\\\/OptimalClaim\"]},{\"@type\":\"Person\",\"@id\":\"https:\\\/\\\/optimalsolicitors.com\\\/pl\\\/#\\\/schema\\\/person\\\/6067f09418f34b2b863ab85348111e98\",\"name\":\"Chris Germaine\",\"image\":{\"@type\":\"ImageObject\",\"inLanguage\":\"pl-GB\",\"@id\":\"https:\\\/\\\/optimalsolicitors.com\\\/wp-content\\\/uploads\\\/2024\\\/01\\\/Chris-Germaine-326x340-1-e1771504587448-96x96.jpg\",\"url\":\"https:\\\/\\\/optimalsolicitors.com\\\/wp-content\\\/uploads\\\/2024\\\/01\\\/Chris-Germaine-326x340-1-e1771504587448-96x96.jpg\",\"contentUrl\":\"https:\\\/\\\/optimalsolicitors.com\\\/wp-content\\\/uploads\\\/2024\\\/01\\\/Chris-Germaine-326x340-1-e1771504587448-96x96.jpg\",\"caption\":\"Chris Germaine\"},\"description\":\"Our legal director with over 30 years of experience specializes in personal injury cases, as well as in commercial and civil law. Chris is responsible for the strategic management of the law firm and personally handles complex legal cases with a value of up to \u00a35 million. Throughout his legal career, Chris has obtained millions of pounds for clients he has represented.\",\"url\":\"https:\\\/\\\/optimalsolicitors.com\\\/pl\\\/author\\\/christopher-germaine\\\/\"}]}<\/script>\n<!-- \/ Yoast SEO Premium plugin. -->","yoast_head_json":{"title":"Samochodowe foteliki dzieci\u0119ce - wymagania prawne","description":"Do ilu lat samochodowe foteliki dzieci\u0119ce? Zasada kt\u00f3ra przy\u015bwieca obowi\u0105zku posiadania fotelika jest dla wszystkich taka sama ...","robots":{"index":"index","follow":"follow","max-snippet":"max-snippet:-1","max-image-preview":"max-image-preview:large","max-video-preview":"max-video-preview:-1"},"canonical":"https:\/\/optimalsolicitors.com\/pl\/aktualnosci\/foteliki-dzieciece-i-prawo\/","og_locale":"pl_PL","og_type":"article","og_title":"Prawo dotycz\u0105ce samochodowych fotelik\u00f3w dzieci\u0119cych","og_description":"Do ilu lat samochodowe foteliki dzieci\u0119ce? Zasada kt\u00f3ra przy\u015bwieca obowi\u0105zku posiadania fotelika jest dla wszystkich taka sama ...","og_url":"https:\/\/optimalsolicitors.com\/pl\/aktualnosci\/foteliki-dzieciece-i-prawo\/","og_site_name":"Optimal Solicitors","article_publisher":"https:\/\/www.facebook.com\/optimalsolicitors\/","article_published_time":"2018-03-14T10:31:48+00:00","article_modified_time":"2024-07-12T11:29:17+00:00","og_image":[{"width":1920,"height":800,"url":"https:\/\/optimalsolicitors.com\/wp-content\/uploads\/2018\/03\/child-seats-law.jpg","type":"image\/jpeg"}],"author":"Chris Germaine","twitter_card":"summary_large_image","twitter_creator":"@OptimalClaim","twitter_site":"@OptimalClaim","twitter_misc":{"Written by":"Chris Germaine","Est. reading time":"5 minutes"},"schema":{"@context":"https:\/\/schema.org","@graph":[{"@type":"Article","@id":"https:\/\/optimalsolicitors.com\/pl\/aktualnosci\/foteliki-dzieciece-i-prawo\/#article","isPartOf":{"@id":"https:\/\/optimalsolicitors.com\/pl\/aktualnosci\/foteliki-dzieciece-i-prawo\/"},"author":{"name":"Chris Germaine","@id":"https:\/\/optimalsolicitors.com\/pl\/#\/schema\/person\/6067f09418f34b2b863ab85348111e98"},"headline":"Prawo dotycz\u0105ce samochodowych fotelik\u00f3w dzieci\u0119cych","datePublished":"2018-03-14T10:31:48+00:00","dateModified":"2024-07-12T11:29:17+00:00","mainEntityOfPage":{"@id":"https:\/\/optimalsolicitors.com\/pl\/aktualnosci\/foteliki-dzieciece-i-prawo\/"},"wordCount":8,"commentCount":0,"publisher":{"@id":"https:\/\/optimalsolicitors.com\/pl\/#organization"},"image":{"@id":"https:\/\/optimalsolicitors.com\/pl\/aktualnosci\/foteliki-dzieciece-i-prawo\/#primaryimage"},"thumbnailUrl":"https:\/\/optimalsolicitors.com\/wp-content\/uploads\/2018\/03\/child-seats-law.jpg","articleSection":["Aktualno\u015bci"],"inLanguage":"pl-GB","potentialAction":[{"@type":"CommentAction","name":"Comment","target":["https:\/\/optimalsolicitors.com\/pl\/aktualnosci\/foteliki-dzieciece-i-prawo\/#respond"]}]},{"@type":"WebPage","@id":"https:\/\/optimalsolicitors.com\/pl\/aktualnosci\/foteliki-dzieciece-i-prawo\/","url":"https:\/\/optimalsolicitors.com\/pl\/aktualnosci\/foteliki-dzieciece-i-prawo\/","name":"Samochodowe foteliki dzieci\u0119ce - wymagania prawne","isPartOf":{"@id":"https:\/\/optimalsolicitors.com\/pl\/#website"},"primaryImageOfPage":{"@id":"https:\/\/optimalsolicitors.com\/pl\/aktualnosci\/foteliki-dzieciece-i-prawo\/#primaryimage"},"image":{"@id":"https:\/\/optimalsolicitors.com\/pl\/aktualnosci\/foteliki-dzieciece-i-prawo\/#primaryimage"},"thumbnailUrl":"https:\/\/optimalsolicitors.com\/wp-content\/uploads\/2018\/03\/child-seats-law.jpg","datePublished":"2018-03-14T10:31:48+00:00","dateModified":"2024-07-12T11:29:17+00:00","description":"Do ilu lat samochodowe foteliki dzieci\u0119ce? Zasada kt\u00f3ra przy\u015bwieca obowi\u0105zku posiadania fotelika jest dla wszystkich taka sama ...","breadcrumb":{"@id":"https:\/\/optimalsolicitors.com\/pl\/aktualnosci\/foteliki-dzieciece-i-prawo\/#breadcrumb"},"inLanguage":"pl-GB","potentialAction":[{"@type":"ReadAction","target":["https:\/\/optimalsolicitors.com\/pl\/aktualnosci\/foteliki-dzieciece-i-prawo\/"]}]},{"@type":"ImageObject","inLanguage":"pl-GB","@id":"https:\/\/optimalsolicitors.com\/pl\/aktualnosci\/foteliki-dzieciece-i-prawo\/#primaryimage","url":"https:\/\/optimalsolicitors.com\/wp-content\/uploads\/2018\/03\/child-seats-law.jpg","contentUrl":"https:\/\/optimalsolicitors.com\/wp-content\/uploads\/2018\/03\/child-seats-law.jpg","width":1920,"height":800,"caption":"Child seats \/ samochodowe foteliki dzieci\u0119ce"},{"@type":"BreadcrumbList","@id":"https:\/\/optimalsolicitors.com\/pl\/aktualnosci\/foteliki-dzieciece-i-prawo\/#breadcrumb","itemListElement":[{"@type":"ListItem","position":1,"name":"Home","item":"https:\/\/optimalsolicitors.com\/pl\/"},{"@type":"ListItem","position":2,"name":"Prawo dotycz\u0105ce samochodowych fotelik\u00f3w dzieci\u0119cych"}]},{"@type":"WebSite","@id":"https:\/\/optimalsolicitors.com\/pl\/#website","url":"https:\/\/optimalsolicitors.com\/pl\/","name":"Optimal Solicitors","description":"Speaking the language of law","publisher":{"@id":"https:\/\/optimalsolicitors.com\/pl\/#organization"},"potentialAction":[{"@type":"SearchAction","target":{"@type":"EntryPoint","urlTemplate":"https:\/\/optimalsolicitors.com\/pl\/?s={search_term_string}"},"query-input":{"@type":"PropertyValueSpecification","valueRequired":true,"valueName":"search_term_string"}}],"inLanguage":"pl-GB"},{"@type":"Organization","@id":"https:\/\/optimalsolicitors.com\/pl\/#organization","name":"Optimal Solicitors","url":"https:\/\/optimalsolicitors.com\/pl\/","logo":{"@type":"ImageObject","inLanguage":"pl-GB","@id":"https:\/\/optimalsolicitors.com\/pl\/#\/schema\/logo\/image\/","url":"https:\/\/optimalsolicitors.com\/wp-content\/uploads\/2023\/04\/logo.svg","contentUrl":"https:\/\/optimalsolicitors.com\/wp-content\/uploads\/2023\/04\/logo.svg","width":158,"height":80,"caption":"Optimal Solicitors"},"image":{"@id":"https:\/\/optimalsolicitors.com\/pl\/#\/schema\/logo\/image\/"},"sameAs":["https:\/\/www.facebook.com\/optimalsolicitors\/","https:\/\/x.com\/OptimalClaim"]},{"@type":"Person","@id":"https:\/\/optimalsolicitors.com\/pl\/#\/schema\/person\/6067f09418f34b2b863ab85348111e98","name":"Chris Germaine","image":{"@type":"ImageObject","inLanguage":"pl-GB","@id":"https:\/\/optimalsolicitors.com\/wp-content\/uploads\/2024\/01\/Chris-Germaine-326x340-1-e1771504587448-96x96.jpg","url":"https:\/\/optimalsolicitors.com\/wp-content\/uploads\/2024\/01\/Chris-Germaine-326x340-1-e1771504587448-96x96.jpg","contentUrl":"https:\/\/optimalsolicitors.com\/wp-content\/uploads\/2024\/01\/Chris-Germaine-326x340-1-e1771504587448-96x96.jpg","caption":"Chris Germaine"},"description":"Our legal director with over 30 years of experience specializes in personal injury cases, as well as in commercial and civil law. Chris is responsible for the strategic management of the law firm and personally handles complex legal cases with a value of up to \u00a35 million. Throughout his legal career, Chris has obtained millions of pounds for clients he has represented.","url":"https:\/\/optimalsolicitors.com\/pl\/author\/christopher-germaine\/"}]}},"acf":[],"_links":{"self":[{"href":"https:\/\/optimalsolicitors.com\/pl\/wp-json\/wp\/v2\/posts\/3999","targetHints":{"allow":["GET"]}}],"collection":[{"href":"https:\/\/optimalsolicitors.com\/pl\/wp-json\/wp\/v2\/posts"}],"about":[{"href":"https:\/\/optimalsolicitors.com\/pl\/wp-json\/wp\/v2\/types\/post"}],"author":[{"embeddable":true,"href":"https:\/\/optimalsolicitors.com\/pl\/wp-json\/wp\/v2\/users\/12"}],"replies":[{"embeddable":true,"href":"https:\/\/optimalsolicitors.com\/pl\/wp-json\/wp\/v2\/comments?post=3999"}],"version-history":[{"count":3,"href":"https:\/\/optimalsolicitors.com\/pl\/wp-json\/wp\/v2\/posts\/3999\/revisions"}],"predecessor-version":[{"id":7173,"href":"https:\/\/optimalsolicitors.com\/pl\/wp-json\/wp\/v2\/posts\/3999\/revisions\/7173"}],"wp:featuredmedia":[{"embeddable":true,"href":"https:\/\/optimalsolicitors.com\/pl\/wp-json\/wp\/v2\/media\/1669"}],"wp:attachment":[{"href":"https:\/\/optimalsolicitors.com\/pl\/wp-json\/wp\/v2\/media?parent=3999"}],"wp:term":[{"taxonomy":"category","embeddable":true,"href":"https:\/\/optimalsolicitors.com\/pl\/wp-json\/wp\/v2\/categories?post=3999"},{"taxonomy":"post_tag","embeddable":true,"href":"https:\/\/optimalsolicitors.com\/pl\/wp-json\/wp\/v2\/tags?post=3999"}],"curies":[{"name":"wp","href":"https:\/\/api.w.org\/{rel}","templated":true}]}}